{"id":3270,"date":"2021-01-12T13:17:26","date_gmt":"2021-01-12T13:17:26","guid":{"rendered":"https:\/\/caterinad.it\/web\/caterina-d-at-lingerie-connect-salon-international-de-la-lingerie\/"},"modified":"2021-10-26T09:25:08","modified_gmt":"2021-10-26T09:25:08","slug":"caterina-d-at-lingerie-connect-salon-international-de-la-lingerie","status":"publish","type":"post","link":"https:\/\/caterinad.it\/en\/caterina-d-at-lingerie-connect-salon-international-de-la-lingerie\/","title":{"rendered":"Caterina D. at Lingerie Connect &#8211; Salon International de la Lingerie"},"content":{"rendered":"<p class=\"\">Caterina D. and <a href=\"http:\/\/www.lunadigiorno.it\">Luna di Giorno<\/a> will participate in <strong>LINGERIE CONNECT<\/strong>, the online event organized by the <strong>International Lingerie Show in Paris<\/strong>, open to all operators in the sector from 23 January to 21 February 2021.<\/p><p class=\"\">If you want to discover the next trends and exclusive proposals for the Fall-Winter 2021\/2022 collections, <a href=\"https:\/\/lingerie-connect.eventmaker.io\/\">sign up here<\/a>.<\/p>","protected":false},"excerpt":{"rendered":"<p>Caterina D. and Luna di Giorno will participate in LINGERIE CONNECT<\/p>\n","protected":false},"author":1,"featured_media":3262,"comment_status":"open","ping_status":"open","sticky":false,"template":"","format":"standard","meta":{"_acf_changed":false,"footnotes":""},"categories":[115],"tags":[],"class_list":["post-3270","post","type-post","status-publish","format-standard","has-post-thumbnail","hentry","category-news-en"],"acf":[],"yoast_head":"<!-- This site is optimized with the Yoast SEO plugin v26.9 - https:\/\/yoast.com\/product\/yoast-seo-wordpress\/ -->\n<title>Caterina D. at Lingerie Connect - Salon International de la Lingerie - Caterina D.<\/title>\n<meta name=\"robots\" content=\"index, follow, max-snippet:-1, max-image-preview:large, max-video-preview:-1\" \/>\n<link rel=\"canonical\" href=\"https:\/\/caterinad.it\/en\/caterina-d-at-lingerie-connect-salon-international-de-la-lingerie\/\" \/>\n<meta property=\"og:locale\" content=\"en_US\" \/>\n<meta property=\"og:type\" content=\"article\" \/>\n<meta property=\"og:title\" content=\"Caterina D. at Lingerie Connect - Salon International de la Lingerie - Caterina D.\" \/>\n<meta property=\"og:description\" content=\"Caterina D. and Luna di Giorno will participate in LINGERIE CONNECT\" \/>\n<meta property=\"og:url\" content=\"https:\/\/caterinad.it\/en\/caterina-d-at-lingerie-connect-salon-international-de-la-lingerie\/\" \/>\n<meta property=\"og:site_name\" content=\"Caterina D.\" \/>\n<meta property=\"article:publisher\" content=\"https:\/\/www.facebook.com\/Caterina.D.Collection\" \/>\n<meta property=\"article:published_time\" content=\"2021-01-12T13:17:26+00:00\" \/>\n<meta property=\"article:modified_time\" content=\"2021-10-26T09:25:08+00:00\" \/>\n<meta property=\"og:image\" content=\"https:\/\/caterinad.it\/web\/app\/uploads\/2021\/01\/SIL_insta-post.png\" \/>\n\t<meta property=\"og:image:width\" content=\"1080\" \/>\n\t<meta property=\"og:image:height\" content=\"1080\" \/>\n\t<meta property=\"og:image:type\" content=\"image\/png\" \/>\n<meta name=\"author\" content=\"admin\" \/>\n<meta name=\"twitter:card\" content=\"summary_large_image\" \/>\n<meta name=\"twitter:label1\" content=\"Written by\" \/>\n\t<meta name=\"twitter:data1\" content=\"admin\" \/>\n\t<meta name=\"twitter:label2\" content=\"Est. reading time\" \/>\n\t<meta name=\"twitter:data2\" content=\"1 minute\" \/>\n<script type=\"application\/ld+json\" class=\"yoast-schema-graph\">{\"@context\":\"https:\/\/schema.org\",\"@graph\":[{\"@type\":\"Article\",\"@id\":\"https:\/\/caterinad.it\/en\/caterina-d-at-lingerie-connect-salon-international-de-la-lingerie\/#article\",\"isPartOf\":{\"@id\":\"https:\/\/caterinad.it\/en\/caterina-d-at-lingerie-connect-salon-international-de-la-lingerie\/\"},\"author\":{\"name\":\"admin\",\"@id\":\"https:\/\/caterinad.it\/#\/schema\/person\/c347aee5e5288e9ec63c26744fcf17e2\"},\"headline\":\"Caterina D. at Lingerie Connect &#8211; Salon International de la Lingerie\",\"datePublished\":\"2021-01-12T13:17:26+00:00\",\"dateModified\":\"2021-10-26T09:25:08+00:00\",\"mainEntityOfPage\":{\"@id\":\"https:\/\/caterinad.it\/en\/caterina-d-at-lingerie-connect-salon-international-de-la-lingerie\/\"},\"wordCount\":62,\"commentCount\":0,\"publisher\":{\"@id\":\"https:\/\/caterinad.it\/#organization\"},\"image\":{\"@id\":\"https:\/\/caterinad.it\/en\/caterina-d-at-lingerie-connect-salon-international-de-la-lingerie\/#primaryimage\"},\"thumbnailUrl\":\"https:\/\/caterinad.it\/web\/app\/uploads\/2021\/01\/SIL_insta-post.png\",\"articleSection\":[\"News\"],\"inLanguage\":\"en-US\",\"potentialAction\":[{\"@type\":\"CommentAction\",\"name\":\"Comment\",\"target\":[\"https:\/\/caterinad.it\/en\/caterina-d-at-lingerie-connect-salon-international-de-la-lingerie\/#respond\"]}]},{\"@type\":\"WebPage\",\"@id\":\"https:\/\/caterinad.it\/en\/caterina-d-at-lingerie-connect-salon-international-de-la-lingerie\/\",\"url\":\"https:\/\/caterinad.it\/en\/caterina-d-at-lingerie-connect-salon-international-de-la-lingerie\/\",\"name\":\"Caterina D. at Lingerie Connect - Salon International de la Lingerie - Caterina D.\",\"isPartOf\":{\"@id\":\"https:\/\/caterinad.it\/#website\"},\"primaryImageOfPage\":{\"@id\":\"https:\/\/caterinad.it\/en\/caterina-d-at-lingerie-connect-salon-international-de-la-lingerie\/#primaryimage\"},\"image\":{\"@id\":\"https:\/\/caterinad.it\/en\/caterina-d-at-lingerie-connect-salon-international-de-la-lingerie\/#primaryimage\"},\"thumbnailUrl\":\"https:\/\/caterinad.it\/web\/app\/uploads\/2021\/01\/SIL_insta-post.png\",\"datePublished\":\"2021-01-12T13:17:26+00:00\",\"dateModified\":\"2021-10-26T09:25:08+00:00\",\"breadcrumb\":{\"@id\":\"https:\/\/caterinad.it\/en\/caterina-d-at-lingerie-connect-salon-international-de-la-lingerie\/#breadcrumb\"},\"inLanguage\":\"en-US\",\"potentialAction\":[{\"@type\":\"ReadAction\",\"target\":[\"https:\/\/caterinad.it\/en\/caterina-d-at-lingerie-connect-salon-international-de-la-lingerie\/\"]}]},{\"@type\":\"ImageObject\",\"inLanguage\":\"en-US\",\"@id\":\"https:\/\/caterinad.it\/en\/caterina-d-at-lingerie-connect-salon-international-de-la-lingerie\/#primaryimage\",\"url\":\"https:\/\/caterinad.it\/web\/app\/uploads\/2021\/01\/SIL_insta-post.png\",\"contentUrl\":\"https:\/\/caterinad.it\/web\/app\/uploads\/2021\/01\/SIL_insta-post.png\",\"width\":1080,\"height\":1080},{\"@type\":\"BreadcrumbList\",\"@id\":\"https:\/\/caterinad.it\/en\/caterina-d-at-lingerie-connect-salon-international-de-la-lingerie\/#breadcrumb\",\"itemListElement\":[{\"@type\":\"ListItem\",\"position\":1,\"name\":\"Home\",\"item\":\"https:\/\/caterinad.it\/en\/\"},{\"@type\":\"ListItem\",\"position\":2,\"name\":\"Caterina D. at Lingerie Connect &#8211; Salon International de la Lingerie\"}]},{\"@type\":\"WebSite\",\"@id\":\"https:\/\/caterinad.it\/#website\",\"url\":\"https:\/\/caterinad.it\/\",\"name\":\"Caterina D.\",\"description\":\"Perch\u00e9 scegliere tra eleganza e praticit\u00e0 quando si possono avere entrambe? La nostra idea di moda \u00e8 diversa: abiti dalle linee morbide e leggere, dal design unico e ricercato, per una bellezza senza stress.\",\"publisher\":{\"@id\":\"https:\/\/caterinad.it\/#organization\"},\"potentialAction\":[{\"@type\":\"SearchAction\",\"target\":{\"@type\":\"EntryPoint\",\"urlTemplate\":\"https:\/\/caterinad.it\/?s={search_term_string}\"},\"query-input\":{\"@type\":\"PropertyValueSpecification\",\"valueRequired\":true,\"valueName\":\"search_term_string\"}}],\"inLanguage\":\"en-US\"},{\"@type\":\"Organization\",\"@id\":\"https:\/\/caterinad.it\/#organization\",\"name\":\"Caterina D.\",\"alternateName\":\"CaterinaD\",\"url\":\"https:\/\/caterinad.it\/\",\"logo\":{\"@type\":\"ImageObject\",\"inLanguage\":\"en-US\",\"@id\":\"https:\/\/caterinad.it\/#\/schema\/logo\/image\/\",\"url\":\"https:\/\/caterinad.it\/web\/app\/uploads\/2019\/12\/logo-caterina-d-black.png\",\"contentUrl\":\"https:\/\/caterinad.it\/web\/app\/uploads\/2019\/12\/logo-caterina-d-black.png\",\"width\":1145,\"height\":236,\"caption\":\"Caterina D.\"},\"image\":{\"@id\":\"https:\/\/caterinad.it\/#\/schema\/logo\/image\/\"},\"sameAs\":[\"https:\/\/www.facebook.com\/Caterina.D.Collection\",\"https:\/\/www.instagram.com\/caterina.d.collection\"]},{\"@type\":\"Person\",\"@id\":\"https:\/\/caterinad.it\/#\/schema\/person\/c347aee5e5288e9ec63c26744fcf17e2\",\"name\":\"admin\",\"image\":{\"@type\":\"ImageObject\",\"inLanguage\":\"en-US\",\"@id\":\"https:\/\/caterinad.it\/#\/schema\/person\/image\/\",\"url\":\"https:\/\/secure.gravatar.com\/avatar\/efa7e2c9a7114aa80c1aded51be8d4e4a95fbfb5770fc2630918046afd17439d?s=96&d=mm&r=g\",\"contentUrl\":\"https:\/\/secure.gravatar.com\/avatar\/efa7e2c9a7114aa80c1aded51be8d4e4a95fbfb5770fc2630918046afd17439d?s=96&d=mm&r=g\",\"caption\":\"admin\"},\"url\":\"https:\/\/caterinad.it\/en\/author\/admin\/\"}]}<\/script>\n<!-- \/ Yoast SEO plugin. -->","yoast_head_json":{"title":"Caterina D. at Lingerie Connect - Salon International de la Lingerie - Caterina D.","robots":{"index":"index","follow":"follow","max-snippet":"max-snippet:-1","max-image-preview":"max-image-preview:large","max-video-preview":"max-video-preview:-1"},"canonical":"https:\/\/caterinad.it\/en\/caterina-d-at-lingerie-connect-salon-international-de-la-lingerie\/","og_locale":"en_US","og_type":"article","og_title":"Caterina D. at Lingerie Connect - Salon International de la Lingerie - Caterina D.","og_description":"Caterina D. and Luna di Giorno will participate in LINGERIE CONNECT","og_url":"https:\/\/caterinad.it\/en\/caterina-d-at-lingerie-connect-salon-international-de-la-lingerie\/","og_site_name":"Caterina D.","article_publisher":"https:\/\/www.facebook.com\/Caterina.D.Collection","article_published_time":"2021-01-12T13:17:26+00:00","article_modified_time":"2021-10-26T09:25:08+00:00","og_image":[{"width":1080,"height":1080,"url":"https:\/\/caterinad.it\/web\/app\/uploads\/2021\/01\/SIL_insta-post.png","type":"image\/png"}],"author":"admin","twitter_card":"summary_large_image","twitter_misc":{"Written by":"admin","Est. reading time":"1 minute"},"schema":{"@context":"https:\/\/schema.org","@graph":[{"@type":"Article","@id":"https:\/\/caterinad.it\/en\/caterina-d-at-lingerie-connect-salon-international-de-la-lingerie\/#article","isPartOf":{"@id":"https:\/\/caterinad.it\/en\/caterina-d-at-lingerie-connect-salon-international-de-la-lingerie\/"},"author":{"name":"admin","@id":"https:\/\/caterinad.it\/#\/schema\/person\/c347aee5e5288e9ec63c26744fcf17e2"},"headline":"Caterina D. at Lingerie Connect &#8211; Salon International de la Lingerie","datePublished":"2021-01-12T13:17:26+00:00","dateModified":"2021-10-26T09:25:08+00:00","mainEntityOfPage":{"@id":"https:\/\/caterinad.it\/en\/caterina-d-at-lingerie-connect-salon-international-de-la-lingerie\/"},"wordCount":62,"commentCount":0,"publisher":{"@id":"https:\/\/caterinad.it\/#organization"},"image":{"@id":"https:\/\/caterinad.it\/en\/caterina-d-at-lingerie-connect-salon-international-de-la-lingerie\/#primaryimage"},"thumbnailUrl":"https:\/\/caterinad.it\/web\/app\/uploads\/2021\/01\/SIL_insta-post.png","articleSection":["News"],"inLanguage":"en-US","potentialAction":[{"@type":"CommentAction","name":"Comment","target":["https:\/\/caterinad.it\/en\/caterina-d-at-lingerie-connect-salon-international-de-la-lingerie\/#respond"]}]},{"@type":"WebPage","@id":"https:\/\/caterinad.it\/en\/caterina-d-at-lingerie-connect-salon-international-de-la-lingerie\/","url":"https:\/\/caterinad.it\/en\/caterina-d-at-lingerie-connect-salon-international-de-la-lingerie\/","name":"Caterina D. at Lingerie Connect - Salon International de la Lingerie - Caterina D.","isPartOf":{"@id":"https:\/\/caterinad.it\/#website"},"primaryImageOfPage":{"@id":"https:\/\/caterinad.it\/en\/caterina-d-at-lingerie-connect-salon-international-de-la-lingerie\/#primaryimage"},"image":{"@id":"https:\/\/caterinad.it\/en\/caterina-d-at-lingerie-connect-salon-international-de-la-lingerie\/#primaryimage"},"thumbnailUrl":"https:\/\/caterinad.it\/web\/app\/uploads\/2021\/01\/SIL_insta-post.png","datePublished":"2021-01-12T13:17:26+00:00","dateModified":"2021-10-26T09:25:08+00:00","breadcrumb":{"@id":"https:\/\/caterinad.it\/en\/caterina-d-at-lingerie-connect-salon-international-de-la-lingerie\/#breadcrumb"},"inLanguage":"en-US","potentialAction":[{"@type":"ReadAction","target":["https:\/\/caterinad.it\/en\/caterina-d-at-lingerie-connect-salon-international-de-la-lingerie\/"]}]},{"@type":"ImageObject","inLanguage":"en-US","@id":"https:\/\/caterinad.it\/en\/caterina-d-at-lingerie-connect-salon-international-de-la-lingerie\/#primaryimage","url":"https:\/\/caterinad.it\/web\/app\/uploads\/2021\/01\/SIL_insta-post.png","contentUrl":"https:\/\/caterinad.it\/web\/app\/uploads\/2021\/01\/SIL_insta-post.png","width":1080,"height":1080},{"@type":"BreadcrumbList","@id":"https:\/\/caterinad.it\/en\/caterina-d-at-lingerie-connect-salon-international-de-la-lingerie\/#breadcrumb","itemListElement":[{"@type":"ListItem","position":1,"name":"Home","item":"https:\/\/caterinad.it\/en\/"},{"@type":"ListItem","position":2,"name":"Caterina D. at Lingerie Connect &#8211; Salon International de la Lingerie"}]},{"@type":"WebSite","@id":"https:\/\/caterinad.it\/#website","url":"https:\/\/caterinad.it\/","name":"Caterina D.","description":"Perch\u00e9 scegliere tra eleganza e praticit\u00e0 quando si possono avere entrambe? La nostra idea di moda \u00e8 diversa: abiti dalle linee morbide e leggere, dal design unico e ricercato, per una bellezza senza stress.","publisher":{"@id":"https:\/\/caterinad.it\/#organization"},"potentialAction":[{"@type":"SearchAction","target":{"@type":"EntryPoint","urlTemplate":"https:\/\/caterinad.it\/?s={search_term_string}"},"query-input":{"@type":"PropertyValueSpecification","valueRequired":true,"valueName":"search_term_string"}}],"inLanguage":"en-US"},{"@type":"Organization","@id":"https:\/\/caterinad.it\/#organization","name":"Caterina D.","alternateName":"CaterinaD","url":"https:\/\/caterinad.it\/","logo":{"@type":"ImageObject","inLanguage":"en-US","@id":"https:\/\/caterinad.it\/#\/schema\/logo\/image\/","url":"https:\/\/caterinad.it\/web\/app\/uploads\/2019\/12\/logo-caterina-d-black.png","contentUrl":"https:\/\/caterinad.it\/web\/app\/uploads\/2019\/12\/logo-caterina-d-black.png","width":1145,"height":236,"caption":"Caterina D."},"image":{"@id":"https:\/\/caterinad.it\/#\/schema\/logo\/image\/"},"sameAs":["https:\/\/www.facebook.com\/Caterina.D.Collection","https:\/\/www.instagram.com\/caterina.d.collection"]},{"@type":"Person","@id":"https:\/\/caterinad.it\/#\/schema\/person\/c347aee5e5288e9ec63c26744fcf17e2","name":"admin","image":{"@type":"ImageObject","inLanguage":"en-US","@id":"https:\/\/caterinad.it\/#\/schema\/person\/image\/","url":"https:\/\/secure.gravatar.com\/avatar\/efa7e2c9a7114aa80c1aded51be8d4e4a95fbfb5770fc2630918046afd17439d?s=96&d=mm&r=g","contentUrl":"https:\/\/secure.gravatar.com\/avatar\/efa7e2c9a7114aa80c1aded51be8d4e4a95fbfb5770fc2630918046afd17439d?s=96&d=mm&r=g","caption":"admin"},"url":"https:\/\/caterinad.it\/en\/author\/admin\/"}]}},"_links":{"self":[{"href":"https:\/\/caterinad.it\/en\/wp-json\/wp\/v2\/posts\/3270","targetHints":{"allow":["GET"]}}],"collection":[{"href":"https:\/\/caterinad.it\/en\/wp-json\/wp\/v2\/posts"}],"about":[{"href":"https:\/\/caterinad.it\/en\/wp-json\/wp\/v2\/types\/post"}],"author":[{"embeddable":true,"href":"https:\/\/caterinad.it\/en\/wp-json\/wp\/v2\/users\/1"}],"replies":[{"embeddable":true,"href":"https:\/\/caterinad.it\/en\/wp-json\/wp\/v2\/comments?post=3270"}],"version-history":[{"count":0,"href":"https:\/\/caterinad.it\/en\/wp-json\/wp\/v2\/posts\/3270\/revisions"}],"wp:featuredmedia":[{"embeddable":true,"href":"https:\/\/caterinad.it\/en\/wp-json\/wp\/v2\/media\/3262"}],"wp:attachment":[{"href":"https:\/\/caterinad.it\/en\/wp-json\/wp\/v2\/media?parent=3270"}],"wp:term":[{"taxonomy":"category","embeddable":true,"href":"https:\/\/caterinad.it\/en\/wp-json\/wp\/v2\/categories?post=3270"},{"taxonomy":"post_tag","embeddable":true,"href":"https:\/\/caterinad.it\/en\/wp-json\/wp\/v2\/tags?post=3270"}],"curies":[{"name":"wp","href":"https:\/\/api.w.org\/{rel}","templated":true}]}}